{"id":16,"date":"2024-07-26T04:07:09","date_gmt":"2024-07-26T02:07:09","guid":{"rendered":"https:\/\/www.dom2topola.si\/?p=16"},"modified":"2024-07-26T04:07:09","modified_gmt":"2024-07-26T02:07:09","slug":"zlata-verizica-z-obeskom-je-lahko-res-zelo-lepo-rojstnodnevno-darilo","status":"publish","type":"post","link":"https:\/\/www.dom2topola.si\/?p=16","title":{"rendered":"Zlata veri\u017eica z obeskom je lahko res zelo lepo rojstnodnevno darilo"},"content":{"rendered":"<p align=\"justify\">Nekaj \u010dasa nazaj je moja mami praznovala rojstni dan. Zelo hitro sem vedela, kaj ji bom kupila za rojstni dan. Videla sem da \u017ee nekaj \u010dasa ni imela veri\u017eice. \u017de od kar sem bila majhna, je vedno nosila veri\u017eico in tega se res dobro spomnim, saj sem se vedno igrala z njeno veri\u017eico. Ravno zato sem to za\u010dela malce pogre\u0161ati, ker sem opazila, da nima ve\u010d veri\u017eice, ker se ji je tista uni\u010dila.\u00a0<\/p>\n<p align=\"justify\"><img loading=\"lazy\" decoding=\"async\" width=\"1600\" height=\"1066\" class=\"size-full wp-image-15 aligncenter\" src=\"https:\/\/www.dom2topola.si\/wp-content\/uploads\/2024\/07\/zlata-verizica-z-obeskom-je-lahko-res-zelo-lepo-rojstnodnevno-darilo.jpg\" alt=\"Zlata veri\u017eica z obeskom je lahko res zelo lepo rojstnodnevno darilo\" srcset=\"https:\/\/www.dom2topola.si\/wp-content\/uploads\/2024\/07\/zlata-verizica-z-obeskom-je-lahko-res-zelo-lepo-rojstnodnevno-darilo.jpg 1600w, https:\/\/www.dom2topola.si\/wp-content\/uploads\/2024\/07\/zlata-verizica-z-obeskom-je-lahko-res-zelo-lepo-rojstnodnevno-darilo-300x200.jpg 300w, https:\/\/www.dom2topola.si\/wp-content\/uploads\/2024\/07\/zlata-verizica-z-obeskom-je-lahko-res-zelo-lepo-rojstnodnevno-darilo-1024x682.jpg 1024w, https:\/\/www.dom2topola.si\/wp-content\/uploads\/2024\/07\/zlata-verizica-z-obeskom-je-lahko-res-zelo-lepo-rojstnodnevno-darilo-768x512.jpg 768w, https:\/\/www.dom2topola.si\/wp-content\/uploads\/2024\/07\/zlata-verizica-z-obeskom-je-lahko-res-zelo-lepo-rojstnodnevno-darilo-1536x1023.jpg 1536w\" sizes=\"auto, (max-width: 1600px) 100vw, 1600px\" \/><\/p>\n<p align=\"justify\">Kon\u010dno se ji je bli\u017eal rojstni dan in seveda sem to\u010dno vedela, kaj ji bom kupila. Hotela sem ji kupiti nekaj kar ji bo res zelo v\u0161e\u010d. To nekaj je bila zlata veri\u017eica z obeskom. <a href=\"https:\/\/www.slowatch.si\/si\/zlat-nakit\/zlate-verizice\/\">Zlata veri\u017eica z obeskom<\/a>, ki sem jo imela v mislih je bila skoraj tak\u0161na kot jo je \u017ee imela ampak seveda malce druga\u010dna, ker sem \u017eelela dodati tudi mene in brata v to zgodbo. Ta zlata veri\u017eica z obeskom je imela zadaj na obesku napisane dve \u010drne, mojo in njegovo za\u010detnico. Ko je to darilo dobila je bila res navdu\u0161ena in seveda smo vsi tudi malce zajokali. Bila sem zelo vesela, da ji je bilo darilo v\u0161e\u010d in pa da sem lahko v to zgodbo vklju\u010dila tudi mojega brata. Brat je bil zelo vesel, da je lahko sodeloval pri tej ideji in pa rekel mi je da je bila ideja res zelo dobra, saj se je tudi on spomnil, da je mam vedno nosila neko veri\u017eico do sedaj.\u00a0<\/p>\n<p align=\"justify\">Nekaj tak\u0161nega kot je veri\u017eica, je res lahko zelo lepo darilo za rojstni dan. Rojstnega dne se vedno vsi veselimo in velikokrat res ne vemo in niti ne pri\u010dakujemo daril, ki jih dobimo. Po navadi se seveda vpra\u0161a, kaj si oseba \u017eeli za rojstni dan ampak velikokrat seveda ta oseba re\u010de, da si ne \u017eeli ni\u010d in takrat je potrebno razmi\u0161ljati. Potrebno je res dobro poznati osebo, da lahko kupimo res perfektno darilo.<\/p>\n","protected":false},"excerpt":{"rendered":"<p>Nekaj \u010dasa nazaj je moja mami praznovala rojstni dan. Zelo hitro sem vedela, kaj ji bom kupila za rojstni dan. Videla sem da \u017ee nekaj \u010dasa ni imela veri\u017eice. \u017de od kar sem bila majhna, je vedno nosila veri\u017eico in tega se res dobro spomnim, saj sem se vedno igrala <a href=\"https:\/\/www.dom2topola.si\/?p=16\" class=\"btn btn-link continue-link\">Continue Reading<\/a><\/p>\n","protected":false},"author":1,"featured_media":0,"comment_status":"closed","ping_status":"open","sticky":false,"template":"","format":"standard","meta":{"footnotes":""},"categories":[13],"tags":[14,15,16,17,18],"class_list":["post-16","post","type-post","status-publish","format-standard","hentry","category-zlata-verizica-z-obeskom","tag-darilo","tag-presenecenje","tag-rojstni-dan","tag-zlata-verizica","tag-zlata-verizica-z-obeskom"],"aioseo_notices":[],"_links":{"self":[{"href":"https:\/\/www.dom2topola.si\/index.php?rest_route=\/wp\/v2\/posts\/16","targetHints":{"allow":["GET"]}}],"collection":[{"href":"https:\/\/www.dom2topola.si\/index.php?rest_route=\/wp\/v2\/posts"}],"about":[{"href":"https:\/\/www.dom2topola.si\/index.php?rest_route=\/wp\/v2\/types\/post"}],"author":[{"embeddable":true,"href":"https:\/\/www.dom2topola.si\/index.php?rest_route=\/wp\/v2\/users\/1"}],"replies":[{"embeddable":true,"href":"https:\/\/www.dom2topola.si\/index.php?rest_route=%2Fwp%2Fv2%2Fcomments&post=16"}],"version-history":[{"count":0,"href":"https:\/\/www.dom2topola.si\/index.php?rest_route=\/wp\/v2\/posts\/16\/revisions"}],"wp:attachment":[{"href":"https:\/\/www.dom2topola.si\/index.php?rest_route=%2Fwp%2Fv2%2Fmedia&parent=16"}],"wp:term":[{"taxonomy":"category","embeddable":true,"href":"https:\/\/www.dom2topola.si\/index.php?rest_route=%2Fwp%2Fv2%2Fcategories&post=16"},{"taxonomy":"post_tag","embeddable":true,"href":"https:\/\/www.dom2topola.si\/index.php?rest_route=%2Fwp%2Fv2%2Ftags&post=16"}],"curies":[{"name":"wp","href":"https:\/\/api.w.org\/{rel}","templated":true}]}}